{"id":1786,"date":"2017-10-24T07:21:03","date_gmt":"2017-10-24T07:21:03","guid":{"rendered":"https:\/\/anadelalberti.com\/?p=1786"},"modified":"2017-10-24T07:21:03","modified_gmt":"2017-10-24T07:21:03","slug":"13-reasons-why-social-media-was-the-cause-of-her-depression","status":"publish","type":"post","link":"https:\/\/anadelalberti.com\/es\/13-reasons-why-social-media-was-the-cause-of-her-depression\/","title":{"rendered":"13 Razones Por Las Cuales Las Redes Sociales Fueron La causa De Su Depresi\u00f3n"},"content":{"rendered":"<p>[et_pb_section admin_label=\u00bbsection\u00bb][et_pb_row admin_label=\u00bbrow\u00bb][et_pb_column type=\u00bb4_4&#8243;][et_pb_text admin_label=\u00bbText\u00bb background_layout=\u00bblight\u00bb text_orientation=\u00bbleft\u00bb use_border_color=\u00bboff\u00bb border_color=\u00bb#ffffff\u00bb border_style=\u00bbsolid\u00bb]<\/p>\n<h3 class=\"p1\"><span class=\"s1\">13 razones por las cuales las redes sociales fueron la causa de su depresi\u00f3n<\/span><\/h3>\n<p class=\"p1\"><span class=\"s1\">Mar\u00eda es una joven llena de alegr\u00eda, con grandes sue\u00f1os y en proceso de constante descubrimiento del mundo y la vida. Ella viene de una familia amorosa y apoyadora. Mar\u00eda es art\u00edstica, amigable y decidida.<\/span><\/p>\n<p class=\"p1\"><span class=\"s1\">Su historia es una que me gusta compartir, ya que es muchos pueden identificarse con la misma.<\/span><\/p>\n<p class=\"p1\"><span class=\"s1\">A pesar de que esta chica de 17 a\u00f1os es hermosa, con un coraz\u00f3n de oro y grandes sue\u00f1os, se hab\u00eda vuelto muy dependiente no solo de otras personas, sino tambi\u00e9n de las redes sociales y de lo que otros pensaban sobre ella.<\/span><\/p>\n<p class=\"p1\"><span class=\"s1\">Mar\u00eda empez\u00f3 a deprimirse sin acercarse a nadie. Tendemos a \u00absaber\u00bb todo cuando somos j\u00f3venes, o al menos creemos que lo hacemos. Muchas veces nos sentimos avergonzados de pedir ayuda &#8230; o simplemente no nos damos cuenta de que la necesitamos.<\/span><\/p>\n<p class=\"p1\"><span class=\"s1\">La madre de Mar\u00eda not\u00f3 algunos cambios, frases y publicaciones en las cuentas de redes sociales de su hija y de inmediato se acerc\u00f3 a pedir ayuda.<\/span><\/p>\n<p class=\"p1\"><span class=\"s1\">Sin vacilar acced\u00ed a hacer una sesi\u00f3n de descubrimiento con la joven, y despu\u00e9s de 15 minutos de nuestra charla, supe que podr\u00eda servirle de apoyo y de gu\u00eda entren\u00e1ndola para que se convirtiera en la joven independiente que sab\u00edamos llevaba dentro.\u00a0<\/span><\/p>\n<p class=\"p1\"><span class=\"s1\">Entonces, \u00bfcu\u00e1l era el reto que ten\u00edamos que sobrepasar? La dependencia a las <strong>redes sociales<\/strong>.<\/span><\/p>\n<p>[\/et_pb_text][et_pb_image admin_label=\u00bbImage\u00bb src=\u00bbhttps:\/\/anadelalberti.com\/wp-content\/uploads\/2017\/10\/macbook-606763_1920.jpg\u00bb show_in_lightbox=\u00bboff\u00bb url_new_window=\u00bboff\u00bb use_overlay=\u00bboff\u00bb animation=\u00bboff\u00bb sticky=\u00bboff\u00bb align=\u00bbleft\u00bb max_width=\u00bb960px\u00bb force_fullwidth=\u00bboff\u00bb always_center_on_mobile=\u00bbon\u00bb use_border_color=\u00bboff\u00bb border_color=\u00bb#ffffff\u00bb border_style=\u00bbsolid\u00bb] [\/et_pb_image][et_pb_text admin_label=\u00bbText\u00bb background_layout=\u00bblight\u00bb text_orientation=\u00bbleft\u00bb use_border_color=\u00bboff\u00bb border_color=\u00bb#ffffff\u00bb border_style=\u00bbsolid\u00bb]<\/p>\n<h4>Aqu\u00ed 13 razones por las que las redes sociales fueron la causa de su depresi\u00f3n:<\/h4>\n<ol class=\"ol1\">\n<li class=\"li1\"><span class=\"s2\">Sentimientos de no ser lo suficientemente valiosa aumentaron cada vez que se comparaba con otras personas en sus cuentas de redes sociales.<\/span><\/li>\n<li class=\"li1\"><span class=\"s2\">Pasaba el tiempo revisando sus cuentas sinti\u00e9ndose triste, sola y deprimida.<\/span><\/li>\n<li class=\"li1\"><span class=\"s2\">Su conexi\u00f3n con las personas era a trav\u00e9s de una pantalla: era m\u00e1s f\u00e1cil comunicarse de esa forma que interactuar con los dem\u00e1s cara a cara.<\/span><\/li>\n<li class=\"li1\"><span class=\"s2\">Procastinar se convirti\u00f3 en parte de su rutina y lo realmente importante en su vida pas\u00f3 a un segundo plano.<\/span><\/li>\n<li class=\"li1\"><span class=\"s2\">La vida de los dem\u00e1s era \u00abperfecta\u00bb y excepto la de ella: las experiencias de otros eran m\u00e1s emocionantes que su propia vida.<\/span><\/li>\n<li class=\"li1\"><span class=\"s2\">Se sent\u00eda poco atractiva, otros eran m\u00e1s bellos y ten\u00edan \u00abmejores cuerpos\u00bb.<\/span><\/li>\n<li class=\"li1\"><span class=\"s2\">La ansiedad crec\u00eda cada vez que abr\u00eda las redes sociales, se preguntaba \u00ab\u00bfqu\u00e9 voy a encontrar ahora?\u00bb, \u00ab\u00bfQu\u00e9 est\u00e1 haciendo mi ex?\u00bb, \u00ab\u00bfcon qui\u00e9n se juntan mis \u00abamigos\u00bb?<\/span><\/li>\n<li class=\"li1\"><span class=\"s2\">No sab\u00eda c\u00f3mo manejar el tiempo que ten\u00eda para s\u00ed misma cuando no estaba \u00abconectada\u00bb a las redes sociales.<\/span><\/li>\n<li class=\"li1\"><span class=\"s2\">El saltar de una a otra red social se convirti\u00f3 en un h\u00e1bito. Su atenci\u00f3n se dividi\u00f3 y la ansiedad creci\u00f3 m\u00e1s y m\u00e1s con el paso del tiempo.<\/span><\/li>\n<li class=\"li1\"><span class=\"s2\">Relacionaba la cantidad de \u00abMe gusta\u00bb que obten\u00eda en sus publicaciones con lo \u00abquerida\u00bb que era.<\/span><\/li>\n<li class=\"li1\"><span class=\"s2\">Depend\u00eda tanto de las redes sociales que las opiniones de sus seres queridos no eran suficientes.<\/span><\/li>\n<li class=\"li1\"><span class=\"s2\">Buscaba validaci\u00f3n en personas que realmente no conoc\u00eda.<\/span><\/li>\n<li class=\"li1\"><span class=\"s2\">Pasaba m\u00e1s tiempo frente a una pantalla que con sus familiares y amigos.<\/span><\/li>\n<\/ol>\n<p>[\/et_pb_text][et_pb_text admin_label=\u00bbText\u00bb background_layout=\u00bblight\u00bb text_orientation=\u00bbleft\u00bb use_border_color=\u00bboff\u00bb border_color=\u00bb#ffffff\u00bb border_style=\u00bbsolid\u00bb]<\/p>\n<p class=\"p1\"><span class=\"s1\">Vivimos en un mundo donde la mayor\u00eda de nosotros estamos atados a nuestras computadoras, nuestros tel\u00e9fonos o cualquier otro dispositivo electr\u00f3nico que podamos encontrar. Yo digo \u00abnosotros\u00bb porque en muchas ocasiones soy culpable de \u00e9sto tambi\u00e9n.<\/span><\/p>\n<p class=\"p1\"><span class=\"s1\">Hay mucho trabajo por hacer en el proceso, y hay que aprender a tomar medidas para aprender a desconectarse para conectarse nuevamente con nosotros mismos.<\/span><\/p>\n<p class=\"p1\"><span class=\"s1\"><em>Un estudio publicado en Computers in Human Behavior el 10 de diciembre de 2016 revel\u00f3 que el uso de m\u00faltiples plataformas de medios sociales est\u00e1 m\u00e1s fuertemente asociado con la depresi\u00f3n y la ansiedad entre los adultos j\u00f3venes que el tiempo que se pasa en l\u00ednea.<\/em> &#8211; <a href=\"http:\/\/psychnews.psychiatryonline.org\/doi\/full\/10.1176\/appi.pn.2017.1b16\" target=\"_blank\" rel=\"noopener\">Fuente de informaci\u00f3n<\/a>.<\/span><\/p>\n<p class=\"p1\"><span class=\"s1\">La multitarea, la ansiedad, la poca atenci\u00f3n al detalle, la atenci\u00f3n dividida, la depresi\u00f3n y otras, son conductas y emociones que se encuentran en la sociedad actual, la mayor\u00eda de ellas causadas por las redes sociales.<\/span><\/p>\n<p class=\"p1\"><span class=\"s1\">Es extremadamente dif\u00edcil pedirle a alguien que se desconecte por completo del mundo digital, pero aprender a identificar cu\u00e1ndo es suficiente, y los pros y los contras de estas \u00abherramientas\u00bb que tenemos justo al alcance de un bot\u00f3n, es de gran ventaja para vivir una vida m\u00e1s feliz y m\u00e1s saludable.<\/span><\/p>\n<p>[\/et_pb_text][et_pb_text admin_label=\u00bbText\u00bb background_layout=\u00bblight\u00bb text_orientation=\u00bbleft\u00bb use_border_color=\u00bboff\u00bb border_color=\u00bb#ffffff\u00bb border_style=\u00bbsolid\u00bb]<\/p>\n<h4 class=\"p1\"><span class=\"s1\">Aqu\u00ed hay algunos pasos simples que puedes seguir para comenzar de nuevo a conectarte contigo mismo y con los dem\u00e1s:<\/span><\/h4>\n<ol class=\"ol1\">\n<li class=\"li1\"><span class=\"s2\">Pasa al menos 10 minutos al d\u00eda en contacto con la naturaleza<\/span><\/li>\n<li class=\"li1\"><span class=\"s2\">Medita: al menos 3-5 minutos al d\u00eda te ayudar\u00e1n a concentrarte m\u00e1s, a sentirte m\u00e1s sintonizado con tu mente y a aumentar tu productividad. \u00bfNo sabes c\u00f3mo o por d\u00f3nde empezar? Haz <a href=\"https:\/\/anadelalberti.mykajabi.com\/store\/TmB8kMCE\" target=\"_blank\" rel=\"noopener\">click aqu\u00ed<\/a> para ayudarte a comenzar con esta pr\u00e1ctica.<\/span><\/li>\n<li class=\"li1\"><span class=\"s2\">Ejercita tu cuerpo: liberar\u00e1s endorfinas y la dopamina te ayudar\u00e1 a sentirte m\u00e1s feliz.<\/span><\/li>\n<li class=\"li1\"><span class=\"s2\">Practica perdonarte por ser tan cr\u00edtico y duro contigo mismo.<\/span><\/li>\n<li class=\"li1\"><span class=\"s2\">Cuando salgas con tus amigos, conc\u00e9ntrate en pasar tiempo de calidad con ellos en lugar de con tu tel\u00e9fono.<\/span><\/li>\n<li class=\"li1\"><span class=\"s2\">Procura estar PRESENTE &#8211; no hay mejor tiempo que el ahora.<\/span><\/li>\n<li class=\"li1\"><span class=\"s2\">Enfoca tus ojos en el mundo que te rodea y no en la pantalla frente a ti.<\/span><\/li>\n<li class=\"li1\"><span class=\"s2\">Cuando te sientas triste, desesperado o deprimido, o te veas a t\u00ed mismo comparando tu vida con la de los dem\u00e1s, mira una pel\u00edcula divertida, lee un buen libro, pasa tiempo con tus seres queridos &#8230; busca una mano amiga. Siempre hay alguien listo y dispuesto a ayudarte en esta vida.<\/span><\/li>\n<\/ol>\n<p>[\/et_pb_text][et_pb_text admin_label=\u00bbText\u00bb background_layout=\u00bblight\u00bb text_orientation=\u00bbleft\u00bb use_border_color=\u00bboff\u00bb border_color=\u00bb#ffffff\u00bb border_style=\u00bbsolid\u00bb]<\/p>\n<p class=\"p1\"><span class=\"s1\">Despu\u00e9s de varias sesiones de trabajo con Mary, su vida comenz\u00f3 a cambiar. Su timidez disminuy\u00f3; sus calificaciones mejoraron; ella entr\u00f3 en la universidad que ella quer\u00eda; volvi\u00f3 a hacer m\u00e1s de lo que amaba, las redes sociales ya no se estaban haciendo cargo de su vida y comenz\u00f3 a comprender mejor la importancia de su vida y a valorar m\u00e1s su valor.<\/span><\/p>\n<p class=\"p1\"><span class=\"s1\">Tu felicidad no depende de lo que otros piensen o digan de ti; sobre c\u00f3mo se ven los dem\u00e1s o la vida que viven, o al menos la vida que muestran en l\u00ednea, que muchas veces difiere de la realidad. Tampoco depende de lo que se dice o hace a trav\u00e9s de una pantalla de computadora \/ tel\u00e9fono.<\/span><\/p>\n<p class=\"p1\"><span class=\"s1\">Tu felicidad depende de las elecciones que T\u00da haces todos los d\u00edas. Y hoy los invito a elegir FELICIDAD no por lo que otros dicen o hacen, sino porque tienen el poder para hacerlo.<\/span><\/p>\n<p>[\/et_pb_text][et_pb_text admin_label=\u00bbText\u00bb background_layout=\u00bblight\u00bb text_orientation=\u00bbleft\u00bb use_border_color=\u00bboff\u00bb border_color=\u00bb#ffffff\u00bb border_style=\u00bbsolid\u00bb]<\/p>\n<p class=\"p1\"><span class=\"s1\">Si este art\u00edculo reson\u00f3 contigo, te invito a compartirlo, es probable que muchas otras personas tambi\u00e9n se sientan identificadas con lo expuesto en este texto.<\/span><\/p>\n<p class=\"p1\"><span class=\"s1\">Si t\u00fa o alguien que conoces puede estar pasando por una situaci\u00f3n similar o est\u00e1 buscando claridad, salir adelante o desconectarse de situaciones t\u00f3xicas, <a href=\"https:\/\/anadelalberti.com\/contact\/?lang=es\" target=\"_blank\" rel=\"noopener\">hablemos<\/a>.<\/span><\/p>\n<p>Y recuerda siempre AAP \u2013 Amar incondicionalmente; Aceptar sin juzgar; Perdonarte a ti mismo y a los dem\u00e1s.<\/p>\n<p><img loading=\"lazy\" decoding=\"async\" class=\" wp-image-69 alignleft\" src=\"https:\/\/anadelalberti.com\/wp-content\/uploads\/2016\/10\/logo.png\" alt=\"\" width=\"146\" height=\"37\" \/><\/p>\n<p>[\/et_pb_text][\/et_pb_column][\/et_pb_row][\/et_pb_section]<\/p>\n","protected":false},"excerpt":{"rendered":"<p>13 razones por las cuales las redes sociales fueron la causa de su depresi\u00f3n Mar\u00eda es una joven llena de alegr\u00eda, con grandes sue\u00f1os y en proceso de constante descubrimiento del mundo y la vida. Ella viene de una familia amorosa y apoyadora. Mar\u00eda es art\u00edstica, amigable y decidida. Su historia es una que me [&hellip;]<\/p>\n","protected":false},"author":2,"featured_media":1778,"comment_status":"open","ping_status":"open","sticky":false,"template":"","format":"standard","meta":{"_et_pb_use_builder":"on","_et_pb_old_content":"","_et_gb_content_width":"","_exactmetrics_skip_tracking":false,"_exactmetrics_sitenote_active":false,"_exactmetrics_sitenote_note":"","_exactmetrics_sitenote_category":0,"footnotes":""},"categories":[84,75],"tags":[],"class_list":["post-1786","post","type-post","status-publish","format-standard","has-post-thumbnail","hentry","category-blog-post-es-2","category-blogpost"],"yoast_head":"<!-- This site is optimized with the Yoast SEO plugin v27.5 - https:\/\/yoast.com\/product\/yoast-seo-wordpress\/ -->\n<title>13 Razones Por Las Cuales Las Redes Sociales Fueron La causa De Su Depresi\u00f3n - Anadel Alberti<\/title>\n<meta name=\"description\" content=\"La ansiedad, atenci\u00f3n dividida, depresi\u00f3n, son conductas y emociones presentes en la sociedad actual, la mayor\u00eda de ellas causadas por las redes sociales.\" \/>\n<meta name=\"robots\" content=\"index, follow, max-snippet:-1, max-image-preview:large, max-video-preview:-1\" \/>\n<link rel=\"canonical\" href=\"https:\/\/anadelalberti.com\/es\/13-reasons-why-social-media-was-the-cause-of-her-depression\/\" \/>\n<meta property=\"og:locale\" content=\"es_ES\" \/>\n<meta property=\"og:type\" content=\"article\" \/>\n<meta property=\"og:title\" content=\"13 Razones Por Las Cuales Las Redes Sociales Fueron La causa De Su Depresi\u00f3n - Anadel Alberti\" \/>\n<meta property=\"og:description\" content=\"La ansiedad, atenci\u00f3n dividida, depresi\u00f3n, son conductas y emociones presentes en la sociedad actual, la mayor\u00eda de ellas causadas por las redes sociales.\" \/>\n<meta property=\"og:url\" content=\"https:\/\/anadelalberti.com\/es\/13-reasons-why-social-media-was-the-cause-of-her-depression\/\" \/>\n<meta property=\"og:site_name\" content=\"Anadel Alberti\" \/>\n<meta property=\"article:publisher\" content=\"https:\/\/www.facebook.com\/anadelalberti\/\" \/>\n<meta property=\"article:published_time\" content=\"2017-10-24T07:21:03+00:00\" \/>\n<meta property=\"og:image\" content=\"https:\/\/anadelalberti.com\/wp-content\/uploads\/2017\/10\/worried-girl-413690_1280.jpg\" \/>\n\t<meta property=\"og:image:width\" content=\"1280\" \/>\n\t<meta property=\"og:image:height\" content=\"853\" \/>\n\t<meta property=\"og:image:type\" content=\"image\/jpeg\" \/>\n<meta name=\"author\" content=\"Anadel\" \/>\n<meta name=\"twitter:card\" content=\"summary_large_image\" \/>\n<meta name=\"twitter:creator\" content=\"@anadelalberti\" \/>\n<meta name=\"twitter:site\" content=\"@anadelalberti\" \/>\n<meta name=\"twitter:label1\" content=\"Escrito por\" \/>\n\t<meta name=\"twitter:data1\" content=\"Anadel\" \/>\n\t<meta name=\"twitter:label2\" content=\"Tiempo de lectura\" \/>\n\t<meta name=\"twitter:data2\" content=\"7 minutos\" \/>\n<script type=\"application\/ld+json\" class=\"yoast-schema-graph\">{\"@context\":\"https:\\\/\\\/schema.org\",\"@graph\":[{\"@type\":\"Article\",\"@id\":\"https:\\\/\\\/anadelalberti.com\\\/es\\\/13-reasons-why-social-media-was-the-cause-of-her-depression\\\/#article\",\"isPartOf\":{\"@id\":\"https:\\\/\\\/anadelalberti.com\\\/es\\\/13-reasons-why-social-media-was-the-cause-of-her-depression\\\/\"},\"author\":{\"name\":\"Anadel\",\"@id\":\"https:\\\/\\\/anadelalberti.com\\\/es\\\/#\\\/schema\\\/person\\\/f712b3227e61b8af4758402a9147db4e\"},\"headline\":\"13 Razones Por Las Cuales Las Redes Sociales Fueron La causa De Su Depresi\u00f3n\",\"datePublished\":\"2017-10-24T07:21:03+00:00\",\"mainEntityOfPage\":{\"@id\":\"https:\\\/\\\/anadelalberti.com\\\/es\\\/13-reasons-why-social-media-was-the-cause-of-her-depression\\\/\"},\"wordCount\":1440,\"commentCount\":0,\"image\":{\"@id\":\"https:\\\/\\\/anadelalberti.com\\\/es\\\/13-reasons-why-social-media-was-the-cause-of-her-depression\\\/#primaryimage\"},\"thumbnailUrl\":\"https:\\\/\\\/anadelalberti.com\\\/wp-content\\\/uploads\\\/2017\\\/10\\\/worried-girl-413690_1280.jpg\",\"articleSection\":[\"Blog Post\",\"BlogPost\"],\"inLanguage\":\"es\",\"potentialAction\":[{\"@type\":\"CommentAction\",\"name\":\"Comment\",\"target\":[\"https:\\\/\\\/anadelalberti.com\\\/es\\\/13-reasons-why-social-media-was-the-cause-of-her-depression\\\/#respond\"]}]},{\"@type\":\"WebPage\",\"@id\":\"https:\\\/\\\/anadelalberti.com\\\/es\\\/13-reasons-why-social-media-was-the-cause-of-her-depression\\\/\",\"url\":\"https:\\\/\\\/anadelalberti.com\\\/es\\\/13-reasons-why-social-media-was-the-cause-of-her-depression\\\/\",\"name\":\"13 Razones Por Las Cuales Las Redes Sociales Fueron La causa De Su Depresi\u00f3n - Anadel Alberti\",\"isPartOf\":{\"@id\":\"https:\\\/\\\/anadelalberti.com\\\/es\\\/#website\"},\"primaryImageOfPage\":{\"@id\":\"https:\\\/\\\/anadelalberti.com\\\/es\\\/13-reasons-why-social-media-was-the-cause-of-her-depression\\\/#primaryimage\"},\"image\":{\"@id\":\"https:\\\/\\\/anadelalberti.com\\\/es\\\/13-reasons-why-social-media-was-the-cause-of-her-depression\\\/#primaryimage\"},\"thumbnailUrl\":\"https:\\\/\\\/anadelalberti.com\\\/wp-content\\\/uploads\\\/2017\\\/10\\\/worried-girl-413690_1280.jpg\",\"datePublished\":\"2017-10-24T07:21:03+00:00\",\"author\":{\"@id\":\"https:\\\/\\\/anadelalberti.com\\\/es\\\/#\\\/schema\\\/person\\\/f712b3227e61b8af4758402a9147db4e\"},\"description\":\"La ansiedad, atenci\u00f3n dividida, depresi\u00f3n, son conductas y emociones presentes en la sociedad actual, la mayor\u00eda de ellas causadas por las redes sociales.\",\"inLanguage\":\"es\",\"potentialAction\":[{\"@type\":\"ReadAction\",\"target\":[\"https:\\\/\\\/anadelalberti.com\\\/es\\\/13-reasons-why-social-media-was-the-cause-of-her-depression\\\/\"]}]},{\"@type\":\"ImageObject\",\"inLanguage\":\"es\",\"@id\":\"https:\\\/\\\/anadelalberti.com\\\/es\\\/13-reasons-why-social-media-was-the-cause-of-her-depression\\\/#primaryimage\",\"url\":\"https:\\\/\\\/anadelalberti.com\\\/wp-content\\\/uploads\\\/2017\\\/10\\\/worried-girl-413690_1280.jpg\",\"contentUrl\":\"https:\\\/\\\/anadelalberti.com\\\/wp-content\\\/uploads\\\/2017\\\/10\\\/worried-girl-413690_1280.jpg\",\"width\":1280,\"height\":853},{\"@type\":\"WebSite\",\"@id\":\"https:\\\/\\\/anadelalberti.com\\\/es\\\/#website\",\"url\":\"https:\\\/\\\/anadelalberti.com\\\/es\\\/\",\"name\":\"Anadel Alberti\",\"description\":\"WELLNESS &amp; HAPPINESS AMBASSADOR\",\"potentialAction\":[{\"@type\":\"SearchAction\",\"target\":{\"@type\":\"EntryPoint\",\"urlTemplate\":\"https:\\\/\\\/anadelalberti.com\\\/es\\\/?s={search_term_string}\"},\"query-input\":{\"@type\":\"PropertyValueSpecification\",\"valueRequired\":true,\"valueName\":\"search_term_string\"}}],\"inLanguage\":\"es\"},{\"@type\":\"Person\",\"@id\":\"https:\\\/\\\/anadelalberti.com\\\/es\\\/#\\\/schema\\\/person\\\/f712b3227e61b8af4758402a9147db4e\",\"name\":\"Anadel\",\"image\":{\"@type\":\"ImageObject\",\"inLanguage\":\"es\",\"@id\":\"https:\\\/\\\/secure.gravatar.com\\\/avatar\\\/348c27042876c012adca7b14bfb1462ad4ddc309ca0e3610c5e5ccd12903a041?s=96&d=mm&r=g\",\"url\":\"https:\\\/\\\/secure.gravatar.com\\\/avatar\\\/348c27042876c012adca7b14bfb1462ad4ddc309ca0e3610c5e5ccd12903a041?s=96&d=mm&r=g\",\"contentUrl\":\"https:\\\/\\\/secure.gravatar.com\\\/avatar\\\/348c27042876c012adca7b14bfb1462ad4ddc309ca0e3610c5e5ccd12903a041?s=96&d=mm&r=g\",\"caption\":\"Anadel\"}}]}<\/script>\n<!-- \/ Yoast SEO plugin. -->","yoast_head_json":{"title":"13 Razones Por Las Cuales Las Redes Sociales Fueron La causa De Su Depresi\u00f3n - Anadel Alberti","description":"La ansiedad, atenci\u00f3n dividida, depresi\u00f3n, son conductas y emociones presentes en la sociedad actual, la mayor\u00eda de ellas causadas por las redes sociales.","robots":{"index":"index","follow":"follow","max-snippet":"max-snippet:-1","max-image-preview":"max-image-preview:large","max-video-preview":"max-video-preview:-1"},"canonical":"https:\/\/anadelalberti.com\/es\/13-reasons-why-social-media-was-the-cause-of-her-depression\/","og_locale":"es_ES","og_type":"article","og_title":"13 Razones Por Las Cuales Las Redes Sociales Fueron La causa De Su Depresi\u00f3n - Anadel Alberti","og_description":"La ansiedad, atenci\u00f3n dividida, depresi\u00f3n, son conductas y emociones presentes en la sociedad actual, la mayor\u00eda de ellas causadas por las redes sociales.","og_url":"https:\/\/anadelalberti.com\/es\/13-reasons-why-social-media-was-the-cause-of-her-depression\/","og_site_name":"Anadel Alberti","article_publisher":"https:\/\/www.facebook.com\/anadelalberti\/","article_published_time":"2017-10-24T07:21:03+00:00","og_image":[{"width":1280,"height":853,"url":"https:\/\/anadelalberti.com\/wp-content\/uploads\/2017\/10\/worried-girl-413690_1280.jpg","type":"image\/jpeg"}],"author":"Anadel","twitter_card":"summary_large_image","twitter_creator":"@anadelalberti","twitter_site":"@anadelalberti","twitter_misc":{"Escrito por":"Anadel","Tiempo de lectura":"7 minutos"},"schema":{"@context":"https:\/\/schema.org","@graph":[{"@type":"Article","@id":"https:\/\/anadelalberti.com\/es\/13-reasons-why-social-media-was-the-cause-of-her-depression\/#article","isPartOf":{"@id":"https:\/\/anadelalberti.com\/es\/13-reasons-why-social-media-was-the-cause-of-her-depression\/"},"author":{"name":"Anadel","@id":"https:\/\/anadelalberti.com\/es\/#\/schema\/person\/f712b3227e61b8af4758402a9147db4e"},"headline":"13 Razones Por Las Cuales Las Redes Sociales Fueron La causa De Su Depresi\u00f3n","datePublished":"2017-10-24T07:21:03+00:00","mainEntityOfPage":{"@id":"https:\/\/anadelalberti.com\/es\/13-reasons-why-social-media-was-the-cause-of-her-depression\/"},"wordCount":1440,"commentCount":0,"image":{"@id":"https:\/\/anadelalberti.com\/es\/13-reasons-why-social-media-was-the-cause-of-her-depression\/#primaryimage"},"thumbnailUrl":"https:\/\/anadelalberti.com\/wp-content\/uploads\/2017\/10\/worried-girl-413690_1280.jpg","articleSection":["Blog Post","BlogPost"],"inLanguage":"es","potentialAction":[{"@type":"CommentAction","name":"Comment","target":["https:\/\/anadelalberti.com\/es\/13-reasons-why-social-media-was-the-cause-of-her-depression\/#respond"]}]},{"@type":"WebPage","@id":"https:\/\/anadelalberti.com\/es\/13-reasons-why-social-media-was-the-cause-of-her-depression\/","url":"https:\/\/anadelalberti.com\/es\/13-reasons-why-social-media-was-the-cause-of-her-depression\/","name":"13 Razones Por Las Cuales Las Redes Sociales Fueron La causa De Su Depresi\u00f3n - Anadel Alberti","isPartOf":{"@id":"https:\/\/anadelalberti.com\/es\/#website"},"primaryImageOfPage":{"@id":"https:\/\/anadelalberti.com\/es\/13-reasons-why-social-media-was-the-cause-of-her-depression\/#primaryimage"},"image":{"@id":"https:\/\/anadelalberti.com\/es\/13-reasons-why-social-media-was-the-cause-of-her-depression\/#primaryimage"},"thumbnailUrl":"https:\/\/anadelalberti.com\/wp-content\/uploads\/2017\/10\/worried-girl-413690_1280.jpg","datePublished":"2017-10-24T07:21:03+00:00","author":{"@id":"https:\/\/anadelalberti.com\/es\/#\/schema\/person\/f712b3227e61b8af4758402a9147db4e"},"description":"La ansiedad, atenci\u00f3n dividida, depresi\u00f3n, son conductas y emociones presentes en la sociedad actual, la mayor\u00eda de ellas causadas por las redes sociales.","inLanguage":"es","potentialAction":[{"@type":"ReadAction","target":["https:\/\/anadelalberti.com\/es\/13-reasons-why-social-media-was-the-cause-of-her-depression\/"]}]},{"@type":"ImageObject","inLanguage":"es","@id":"https:\/\/anadelalberti.com\/es\/13-reasons-why-social-media-was-the-cause-of-her-depression\/#primaryimage","url":"https:\/\/anadelalberti.com\/wp-content\/uploads\/2017\/10\/worried-girl-413690_1280.jpg","contentUrl":"https:\/\/anadelalberti.com\/wp-content\/uploads\/2017\/10\/worried-girl-413690_1280.jpg","width":1280,"height":853},{"@type":"WebSite","@id":"https:\/\/anadelalberti.com\/es\/#website","url":"https:\/\/anadelalberti.com\/es\/","name":"Anadel Alberti","description":"WELLNESS &amp; HAPPINESS AMBASSADOR","potentialAction":[{"@type":"SearchAction","target":{"@type":"EntryPoint","urlTemplate":"https:\/\/anadelalberti.com\/es\/?s={search_term_string}"},"query-input":{"@type":"PropertyValueSpecification","valueRequired":true,"valueName":"search_term_string"}}],"inLanguage":"es"},{"@type":"Person","@id":"https:\/\/anadelalberti.com\/es\/#\/schema\/person\/f712b3227e61b8af4758402a9147db4e","name":"Anadel","image":{"@type":"ImageObject","inLanguage":"es","@id":"https:\/\/secure.gravatar.com\/avatar\/348c27042876c012adca7b14bfb1462ad4ddc309ca0e3610c5e5ccd12903a041?s=96&d=mm&r=g","url":"https:\/\/secure.gravatar.com\/avatar\/348c27042876c012adca7b14bfb1462ad4ddc309ca0e3610c5e5ccd12903a041?s=96&d=mm&r=g","contentUrl":"https:\/\/secure.gravatar.com\/avatar\/348c27042876c012adca7b14bfb1462ad4ddc309ca0e3610c5e5ccd12903a041?s=96&d=mm&r=g","caption":"Anadel"}}]}},"_links":{"self":[{"href":"https:\/\/anadelalberti.com\/es\/wp-json\/wp\/v2\/posts\/1786","targetHints":{"allow":["GET"]}}],"collection":[{"href":"https:\/\/anadelalberti.com\/es\/wp-json\/wp\/v2\/posts"}],"about":[{"href":"https:\/\/anadelalberti.com\/es\/wp-json\/wp\/v2\/types\/post"}],"author":[{"embeddable":true,"href":"https:\/\/anadelalberti.com\/es\/wp-json\/wp\/v2\/users\/2"}],"replies":[{"embeddable":true,"href":"https:\/\/anadelalberti.com\/es\/wp-json\/wp\/v2\/comments?post=1786"}],"version-history":[{"count":5,"href":"https:\/\/anadelalberti.com\/es\/wp-json\/wp\/v2\/posts\/1786\/revisions"}],"predecessor-version":[{"id":1792,"href":"https:\/\/anadelalberti.com\/es\/wp-json\/wp\/v2\/posts\/1786\/revisions\/1792"}],"wp:featuredmedia":[{"embeddable":true,"href":"https:\/\/anadelalberti.com\/es\/wp-json\/wp\/v2\/media\/1778"}],"wp:attachment":[{"href":"https:\/\/anadelalberti.com\/es\/wp-json\/wp\/v2\/media?parent=1786"}],"wp:term":[{"taxonomy":"category","embeddable":true,"href":"https:\/\/anadelalberti.com\/es\/wp-json\/wp\/v2\/categories?post=1786"},{"taxonomy":"post_tag","embeddable":true,"href":"https:\/\/anadelalberti.com\/es\/wp-json\/wp\/v2\/tags?post=1786"}],"curies":[{"name":"wp","href":"https:\/\/api.w.org\/{rel}","templated":true}]}}